{"id":2423,"date":"2017-08-17T14:01:05","date_gmt":"2017-08-17T12:01:05","guid":{"rendered":"https:\/\/www.science-park-saar.de\/munich-en-moins-dune-heure-a-partir-de-sarrebruck\/"},"modified":"2017-08-24T09:35:34","modified_gmt":"2017-08-24T07:35:34","slug":"munich-en-moins-dune-heure-a-partir-de-sarrebruck","status":"publish","type":"post","link":"https:\/\/www.science-park-saar.de\/fr\/munich-en-moins-dune-heure-a-partir-de-sarrebruck\/","title":{"rendered":"Munich en moins d\u00b4une heure \u00e0 partir de Sarrebruck"},"content":{"rendered":"<h1><strong>Munich en moins d\u00b4une heure \u00e0 partir de Sarrebruck<\/strong><\/h1>\n<p>De bonnes nouvelles pour les voyageurs d\u00b4affaires de Sarre: \u00c0 partir du 6 novembre, la compagnie a\u00e9rienne bmi regional (British Midland Regional) proposera des vols de Sarrebruck pour Munich. S\u00b4ajoutera sous peu aussi la possibilit\u00e9 d\u00b4utiliser, via Munich, des vols de correspondance au sein de l\u00b4Europe et dans le monde.<\/p>\n<p>Du lundi au vendredi, il y aura deux vols par jour. Le samedi et dimanche, un vol quotidien aura lieu. La dur\u00e9e du vol \u00e0 destination de la m\u00e9tropole bavaroise sera moins d\u00b4une heure. C\u00b4est pourquoi la campagne marketing SCN correspondante est plac\u00e9e sous la d\u00e9vise <em>Munich est plus proche que Francfort maintenant<\/em> .<\/p>\n<p>Le 3 ao\u00fbt, la nouvelle liaison a\u00e9rienne a \u00e9t\u00e9 pr\u00e9sent\u00e9e par J\u00fcrgen Barke, Pr\u00e9sident du conseil de surveillance SCN et Secr\u00e9taire d\u00b4\u00e9tat \u00e0 l\u00b4\u00e9conomie, le g\u00e9rant de l\u00b4a\u00e9roport Thomas Schuck, et le g\u00e9rant de bmi regional Jochen Schnadt. Pour J\u00fcrgen Barke, \u00ab\u00a0des liaisons de transport rapides et fiables sont un facteur important dans le choix du lieu d&rsquo;implantation. Nous nous r\u00e9jouissons donc que, gr\u00e2ce aux intenses efforts, nous pouvions inciter bmi regional \u00e0 \u00e9tablir une liaison a\u00e9rienne de Sarrebruck \u00e0 destination de Munich.<\/p>\n<p>Des avions \u00e0 capacit\u00e9 appropri\u00e9e et des cr\u00e9neaux horaires (slots) vers la plateforme a\u00e9roportuaire de Munich nous rendent optimistes que la liaison soit favorablement accueillie par les voyageurs d\u00b4affaires et aussi les touristes. Nous pensons que l\u00b4a\u00e9roport de Sarrebruck est bien positionn\u00e9.\u00a0\u00bb<\/p>\n<p>Et aussi Jochen Schnadt se montre optimiste: \u00ab\u00a0Avec Sarrebruck, nous proposons maintenant la deuxi\u00e8me relation int\u00e9rieure \u00e0 partir de Munich et nous nous r\u00e9jouissons beaucoup de continuer avec l\u00b4\u00e9tablissement de la marque bmi regional. Notre produit est tr\u00e8s nettement adapt\u00e9 aux besoins des voyageurs d\u00b4affaires et nous esp\u00e9rons pouvoir mettre de nouveaux accents sur le march\u00e9 sarrois et offrir une alternative int\u00e9ressante \u00e0 nos clients avec cette liaison attractive vers la m\u00e9tropole bavaroise. Les relations \u00e9troites sur l\u00b4\u00e9chelle \u00e9conomique et culturelle des deux r\u00e9gions constituent une base solide pour cette relation. bmi regional se r\u00e9jouit d\u00b4\u00e9largir son r\u00e9seau des vols via Munich par cette nouvelle liaison \u00e0 partir et \u00e0 destination de Sarrebruck.\u00a0\u00bb<\/p>\n<p>Les cr\u00e9neaux horaires coh\u00e9rents et les vols de correspondance sont aussi encourageants pour le g\u00e9rant du SCN Thomas Schuck: \u00ab\u00a0Nous attendons une r\u00e9action positive des passagers. bmi regional dispose des avions appropri\u00e9s pour la liaison directe et ses coop\u00e9rations avec d\u00b4autres compagnies a\u00e9riennes permettront d\u00b4utiliser toute une gamme de vols de correspondance au sein de l\u00b4Europe et dans tout le monde. En outre, un acc\u00e8s direct aux vols du r\u00e9seau Star Alliance sera disponible via Munich.\u00a0\u00bb<\/p>\n<p>&nbsp;<\/p>\n<p><strong>LES HORAIRES :<\/strong><\/p>\n<p>VOLS \u00c0 PARTIR DE SARREBRUCK (\u00e0 partir du 6 novembre 2017)<\/p>\n<p>10h10 \u2013 10h55 \u00a0\u00a0\u00a0\u00a0samedi<\/p>\n<p>10h20 \u2013 11h05 \u00a0\u00a0\u00a0\u00a0lundi \u00e0 vendredi<\/p>\n<p>19h25 \u2013 20h10\u00a0\u00a0\u00a0\u00a0 vendredi<\/p>\n<p>21h30 \u2013 22h15 \u00a0\u00a0\u00a0\u00a0lundi \u00e0 jeudi, dimanche<\/p>\n<p>&nbsp;<\/p>\n<p>VOLS \u00c0 PARTIR DE MUNICH (\u00e0 partir du 6 novembre 2017)<\/p>\n<p>08h40 \u2013 09h40 \u00a0\u00a0\u00a0\u00a0samedi<\/p>\n<p>08h50 \u2013 09h50 \u00a0\u00a0\u00a0\u00a0lundi \u00e0 vendredi<\/p>\n<p>17h55 \u2013 18h55 \u00a0\u00a0\u00a0\u00a0\u00a0vendredi<\/p>\n<p>20h00 \u2013 21h00 \u00a0\u00a0\u00a0\u00a0lundi \u00e0 jeudi, dimanche<\/p>\n<p><a href=\"http:\/\/www.flughafen-saarbruecken.de\">&gt;&gt;<\/a> <a href=\"http:\/\/www.flughafen-saarbruecken.de\">www.flughafen-saarbruecken.de<\/a><\/p>\n<p>&nbsp;<\/p>\n<p>La compagnie a\u00e9rienne britannique est repr\u00e9sent\u00e9e dans tous les grands syst\u00e8mes internationaux de r\u00e9servations, comme par exemple Amadeus, Galileo ou Sabre. Les vols sont disponibles sur l\u00b4\u00e9chelle mondiale sous les codes BM (IATA), BMR (ICAO) et 480 (IATA Prefix). Une r\u00e9servation de vol est aussi possible sur le site Web de l\u00b4entreprise <a href=\"http:\/\/www.flughafen-saarbruecken.de\">&gt;&gt;<\/a> <a href=\"http:\/\/www.flybmi.com\">www.flybmi.com<\/a>\u00a0 .<\/p>\n<p>&nbsp;<\/p>\n<p>&nbsp;<\/p>\n<p>&nbsp;<\/p>\n","protected":false},"excerpt":{"rendered":"<p>Munich en moins d\u00b4une heure \u00e0 partir de Sarrebruck De bonnes nouvelles pour les voyageurs<\/p>\n","protected":false},"author":7,"featured_media":0,"comment_status":"closed","ping_status":"closed","sticky":false,"template":"","format":"standard","meta":{"_acf_changed":false,"footnotes":""},"categories":[38],"tags":[],"class_list":["post-2423","post","type-post","status-publish","format-standard","hentry","category-generale"],"acf":[],"yoast_head":"<!-- This site is optimized with the Yoast SEO plugin v27.4 - https:\/\/yoast.com\/product\/yoast-seo-wordpress\/ -->\n<title>Munich en moins d\u00b4une heure \u00e0 partir de Sarrebruck - Science Park Saar<\/title>\n<meta name=\"robots\" content=\"index, follow, max-snippet:-1, max-image-preview:large, max-video-preview:-1\" \/>\n<link rel=\"canonical\" href=\"https:\/\/www.science-park-saar.de\/fr\/munich-en-moins-dune-heure-a-partir-de-sarrebruck\/\" \/>\n<meta property=\"og:locale\" content=\"fr_FR\" \/>\n<meta property=\"og:type\" content=\"article\" \/>\n<meta property=\"og:title\" content=\"Munich en moins d\u00b4une heure \u00e0 partir de Sarrebruck - Science Park Saar\" \/>\n<meta property=\"og:description\" content=\"Munich en moins d\u00b4une heure \u00e0 partir de Sarrebruck De bonnes nouvelles pour les voyageurs\" \/>\n<meta property=\"og:url\" content=\"https:\/\/www.science-park-saar.de\/fr\/munich-en-moins-dune-heure-a-partir-de-sarrebruck\/\" \/>\n<meta property=\"og:site_name\" content=\"Science Park Saar\" \/>\n<meta property=\"article:published_time\" content=\"2017-08-17T12:01:05+00:00\" \/>\n<meta property=\"article:modified_time\" content=\"2017-08-24T07:35:34+00:00\" \/>\n<meta name=\"author\" content=\"roseburgard\" \/>\n<meta name=\"twitter:card\" content=\"summary_large_image\" \/>\n<meta name=\"twitter:label1\" content=\"\u00c9crit par\" \/>\n\t<meta name=\"twitter:data1\" content=\"roseburgard\" \/>\n\t<meta name=\"twitter:label2\" content=\"Dur\u00e9e de lecture estim\u00e9e\" \/>\n\t<meta name=\"twitter:data2\" content=\"3 minutes\" \/>\n<script type=\"application\/ld+json\" class=\"yoast-schema-graph\">{\"@context\":\"https:\\\/\\\/schema.org\",\"@graph\":[{\"@type\":\"Article\",\"@id\":\"https:\\\/\\\/www.science-park-saar.de\\\/fr\\\/munich-en-moins-dune-heure-a-partir-de-sarrebruck\\\/#article\",\"isPartOf\":{\"@id\":\"https:\\\/\\\/www.science-park-saar.de\\\/fr\\\/munich-en-moins-dune-heure-a-partir-de-sarrebruck\\\/\"},\"author\":{\"name\":\"roseburgard\",\"@id\":\"https:\\\/\\\/www.science-park-saar.de\\\/#\\\/schema\\\/person\\\/6de28da221fc7edc231f999716e955c5\"},\"headline\":\"Munich en moins d\u00b4une heure \u00e0 partir de Sarrebruck\",\"datePublished\":\"2017-08-17T12:01:05+00:00\",\"dateModified\":\"2017-08-24T07:35:34+00:00\",\"mainEntityOfPage\":{\"@id\":\"https:\\\/\\\/www.science-park-saar.de\\\/fr\\\/munich-en-moins-dune-heure-a-partir-de-sarrebruck\\\/\"},\"wordCount\":604,\"articleSection\":[\"G\u00e9n\u00e9ral\"],\"inLanguage\":\"fr-FR\"},{\"@type\":\"WebPage\",\"@id\":\"https:\\\/\\\/www.science-park-saar.de\\\/fr\\\/munich-en-moins-dune-heure-a-partir-de-sarrebruck\\\/\",\"url\":\"https:\\\/\\\/www.science-park-saar.de\\\/fr\\\/munich-en-moins-dune-heure-a-partir-de-sarrebruck\\\/\",\"name\":\"Munich en moins d\u00b4une heure \u00e0 partir de Sarrebruck - Science Park Saar\",\"isPartOf\":{\"@id\":\"https:\\\/\\\/www.science-park-saar.de\\\/#website\"},\"datePublished\":\"2017-08-17T12:01:05+00:00\",\"dateModified\":\"2017-08-24T07:35:34+00:00\",\"author\":{\"@id\":\"https:\\\/\\\/www.science-park-saar.de\\\/#\\\/schema\\\/person\\\/6de28da221fc7edc231f999716e955c5\"},\"breadcrumb\":{\"@id\":\"https:\\\/\\\/www.science-park-saar.de\\\/fr\\\/munich-en-moins-dune-heure-a-partir-de-sarrebruck\\\/#breadcrumb\"},\"inLanguage\":\"fr-FR\",\"potentialAction\":[{\"@type\":\"ReadAction\",\"target\":[\"https:\\\/\\\/www.science-park-saar.de\\\/fr\\\/munich-en-moins-dune-heure-a-partir-de-sarrebruck\\\/\"]}]},{\"@type\":\"BreadcrumbList\",\"@id\":\"https:\\\/\\\/www.science-park-saar.de\\\/fr\\\/munich-en-moins-dune-heure-a-partir-de-sarrebruck\\\/#breadcrumb\",\"itemListElement\":[{\"@type\":\"ListItem\",\"position\":1,\"name\":\"Startseite\",\"item\":\"https:\\\/\\\/www.science-park-saar.de\\\/fr\\\/\"},{\"@type\":\"ListItem\",\"position\":2,\"name\":\"Munich en moins d\u00b4une heure \u00e0 partir de Sarrebruck\"}]},{\"@type\":\"WebSite\",\"@id\":\"https:\\\/\\\/www.science-park-saar.de\\\/#website\",\"url\":\"https:\\\/\\\/www.science-park-saar.de\\\/\",\"name\":\"Science Park Saar\",\"description\":\"\",\"potentialAction\":[{\"@type\":\"SearchAction\",\"target\":{\"@type\":\"EntryPoint\",\"urlTemplate\":\"https:\\\/\\\/www.science-park-saar.de\\\/?s={search_term_string}\"},\"query-input\":{\"@type\":\"PropertyValueSpecification\",\"valueRequired\":true,\"valueName\":\"search_term_string\"}}],\"inLanguage\":\"fr-FR\"},{\"@type\":\"Person\",\"@id\":\"https:\\\/\\\/www.science-park-saar.de\\\/#\\\/schema\\\/person\\\/6de28da221fc7edc231f999716e955c5\",\"name\":\"roseburgard\",\"url\":\"https:\\\/\\\/www.science-park-saar.de\\\/fr\\\/author\\\/rose\\\/\"}]}<\/script>\n<!-- \/ Yoast SEO plugin. -->","yoast_head_json":{"title":"Munich en moins d\u00b4une heure \u00e0 partir de Sarrebruck - Science Park Saar","robots":{"index":"index","follow":"follow","max-snippet":"max-snippet:-1","max-image-preview":"max-image-preview:large","max-video-preview":"max-video-preview:-1"},"canonical":"https:\/\/www.science-park-saar.de\/fr\/munich-en-moins-dune-heure-a-partir-de-sarrebruck\/","og_locale":"fr_FR","og_type":"article","og_title":"Munich en moins d\u00b4une heure \u00e0 partir de Sarrebruck - Science Park Saar","og_description":"Munich en moins d\u00b4une heure \u00e0 partir de Sarrebruck De bonnes nouvelles pour les voyageurs","og_url":"https:\/\/www.science-park-saar.de\/fr\/munich-en-moins-dune-heure-a-partir-de-sarrebruck\/","og_site_name":"Science Park Saar","article_published_time":"2017-08-17T12:01:05+00:00","article_modified_time":"2017-08-24T07:35:34+00:00","author":"roseburgard","twitter_card":"summary_large_image","twitter_misc":{"\u00c9crit par":"roseburgard","Dur\u00e9e de lecture estim\u00e9e":"3 minutes"},"schema":{"@context":"https:\/\/schema.org","@graph":[{"@type":"Article","@id":"https:\/\/www.science-park-saar.de\/fr\/munich-en-moins-dune-heure-a-partir-de-sarrebruck\/#article","isPartOf":{"@id":"https:\/\/www.science-park-saar.de\/fr\/munich-en-moins-dune-heure-a-partir-de-sarrebruck\/"},"author":{"name":"roseburgard","@id":"https:\/\/www.science-park-saar.de\/#\/schema\/person\/6de28da221fc7edc231f999716e955c5"},"headline":"Munich en moins d\u00b4une heure \u00e0 partir de Sarrebruck","datePublished":"2017-08-17T12:01:05+00:00","dateModified":"2017-08-24T07:35:34+00:00","mainEntityOfPage":{"@id":"https:\/\/www.science-park-saar.de\/fr\/munich-en-moins-dune-heure-a-partir-de-sarrebruck\/"},"wordCount":604,"articleSection":["G\u00e9n\u00e9ral"],"inLanguage":"fr-FR"},{"@type":"WebPage","@id":"https:\/\/www.science-park-saar.de\/fr\/munich-en-moins-dune-heure-a-partir-de-sarrebruck\/","url":"https:\/\/www.science-park-saar.de\/fr\/munich-en-moins-dune-heure-a-partir-de-sarrebruck\/","name":"Munich en moins d\u00b4une heure \u00e0 partir de Sarrebruck - Science Park Saar","isPartOf":{"@id":"https:\/\/www.science-park-saar.de\/#website"},"datePublished":"2017-08-17T12:01:05+00:00","dateModified":"2017-08-24T07:35:34+00:00","author":{"@id":"https:\/\/www.science-park-saar.de\/#\/schema\/person\/6de28da221fc7edc231f999716e955c5"},"breadcrumb":{"@id":"https:\/\/www.science-park-saar.de\/fr\/munich-en-moins-dune-heure-a-partir-de-sarrebruck\/#breadcrumb"},"inLanguage":"fr-FR","potentialAction":[{"@type":"ReadAction","target":["https:\/\/www.science-park-saar.de\/fr\/munich-en-moins-dune-heure-a-partir-de-sarrebruck\/"]}]},{"@type":"BreadcrumbList","@id":"https:\/\/www.science-park-saar.de\/fr\/munich-en-moins-dune-heure-a-partir-de-sarrebruck\/#breadcrumb","itemListElement":[{"@type":"ListItem","position":1,"name":"Startseite","item":"https:\/\/www.science-park-saar.de\/fr\/"},{"@type":"ListItem","position":2,"name":"Munich en moins d\u00b4une heure \u00e0 partir de Sarrebruck"}]},{"@type":"WebSite","@id":"https:\/\/www.science-park-saar.de\/#website","url":"https:\/\/www.science-park-saar.de\/","name":"Science Park Saar","description":"","potentialAction":[{"@type":"SearchAction","target":{"@type":"EntryPoint","urlTemplate":"https:\/\/www.science-park-saar.de\/?s={search_term_string}"},"query-input":{"@type":"PropertyValueSpecification","valueRequired":true,"valueName":"search_term_string"}}],"inLanguage":"fr-FR"},{"@type":"Person","@id":"https:\/\/www.science-park-saar.de\/#\/schema\/person\/6de28da221fc7edc231f999716e955c5","name":"roseburgard","url":"https:\/\/www.science-park-saar.de\/fr\/author\/rose\/"}]}},"_links":{"self":[{"href":"https:\/\/www.science-park-saar.de\/fr\/wp-json\/wp\/v2\/posts\/2423","targetHints":{"allow":["GET"]}}],"collection":[{"href":"https:\/\/www.science-park-saar.de\/fr\/wp-json\/wp\/v2\/posts"}],"about":[{"href":"https:\/\/www.science-park-saar.de\/fr\/wp-json\/wp\/v2\/types\/post"}],"author":[{"embeddable":true,"href":"https:\/\/www.science-park-saar.de\/fr\/wp-json\/wp\/v2\/users\/7"}],"replies":[{"embeddable":true,"href":"https:\/\/www.science-park-saar.de\/fr\/wp-json\/wp\/v2\/comments?post=2423"}],"version-history":[{"count":1,"href":"https:\/\/www.science-park-saar.de\/fr\/wp-json\/wp\/v2\/posts\/2423\/revisions"}],"predecessor-version":[{"id":2431,"href":"https:\/\/www.science-park-saar.de\/fr\/wp-json\/wp\/v2\/posts\/2423\/revisions\/2431"}],"wp:attachment":[{"href":"https:\/\/www.science-park-saar.de\/fr\/wp-json\/wp\/v2\/media?parent=2423"}],"wp:term":[{"taxonomy":"category","embeddable":true,"href":"https:\/\/www.science-park-saar.de\/fr\/wp-json\/wp\/v2\/categories?post=2423"},{"taxonomy":"post_tag","embeddable":true,"href":"https:\/\/www.science-park-saar.de\/fr\/wp-json\/wp\/v2\/tags?post=2423"}],"curies":[{"name":"wp","href":"https:\/\/api.w.org\/{rel}","templated":true}]}}