{"id":1549,"date":"2017-05-11T09:10:28","date_gmt":"2017-05-11T07:10:28","guid":{"rendered":"http:\/\/science-park-saar.strukturholding.de\/un-concentre-de-competences-en-logistique-provenant-de-la-sarre\/"},"modified":"2017-07-05T13:39:05","modified_gmt":"2017-07-05T11:39:05","slug":"un-concentre-de-competences-en-logistique-provenant-de-la-sarre","status":"publish","type":"post","link":"https:\/\/www.science-park-saar.de\/fr\/un-concentre-de-competences-en-logistique-provenant-de-la-sarre\/","title":{"rendered":"Un concentr\u00e9 de comp\u00e9tences en logistique provenant de la Sarre"},"content":{"rendered":"<h1>Un concentr\u00e9 de comp\u00e9tences en logistique provenant de la Sarre<\/h1>\n<p>La Sarre pr\u00e9sente ses atouts en tant qu\u2019important hub europ\u00e9en. Du 9 au 12 mai \u00e0 Munich, ce seront 14 entreprises de logistique de la Sarre et, pour la premi\u00e8re fois aussi, plusieurs organisations du Land &#8211; SHS, l\u2019a\u00e9roport de Sarrebruck et les ports de la Sarre &#8211; qui pr\u00e9senteront leurs gammes de services. Au stand de la Sarre de gwSaar, elles profiteront du <em>transport logistic<\/em>, ce salon phare renomm\u00e9 dans le monde entier, pour \u00e9tablir de nouveaux contacts et pour avoir des entretiens instructifs. J\u00fcrgen Barke, ministre sarrois d\u00e9l\u00e9gu\u00e9 \u00e0 l\u2019\u00c9conomie, s\u2019y rendra le jeudi 11 mai.<\/p>\n<p>\u00ab\u00a0La branche de la logistique est en plein essor en Sarre\u00a0\u00bb a d\u00e9clar\u00e9 J\u00fcrgen Barke, ministre d\u00e9l\u00e9gu\u00e9 \u00e0 l\u2019\u00c9conomie. \u00ab\u00a0Et nous souhaitons renforcer encore davantage son succ\u00e8s. Je me r\u00e9jouis particuli\u00e8rement que nous pr\u00e9sentions cette ann\u00e9e au salon non seulement des entreprises convaincantes, mais aussi pour la premi\u00e8re fois ce concentr\u00e9 de comp\u00e9tences en logistique des organisations du Land que forment SHS, l\u2019a\u00e9roport de Sarrebruck et les ports de la Sarre\u00a0\u00bb. Il annonce des initiatives de renforcement, anim\u00e9es par la gwSaar du Land. \u00ab\u00a0Nous avons encore de la marge en ce qui concerne le potentiel de r\u00e9seau au sein de l\u2019initiative de logistique de la Sarre.\u00a0\u00bb<\/p>\n<p>\u00ab\u00a0La Sarre joue un r\u00f4le cl\u00e9 en tant que plateforme europ\u00e9enne dans le transport de marchandises entre l\u2019Est et l\u2019Ouest. Un emplacement id\u00e9al pour des entreprises de pratiquement toutes les branches. Et avec des trajets courts. Chez nous, en effet, un simple appel suffit pour obtenir une offre d\u2019implantation attrayante et sur mesure comprenant tout le potentiel des soci\u00e9t\u00e9s SHS\u00a0\u00bb explique Thomas Schuck PDG de gwSaar.<\/p>\n<p>Les co-exposants au <strong>stand commun de la Sarre<\/strong>\u00a0:<\/p>\n<p>Arcus-Air-Logistic GmbH | DHUG \u2013 Dillinger Hafen-Umschlagsgesellschaft mbH | GSE Deutschland GmbH | iSL Innovative System Logistik GmbH | Josef Konz GmbH &amp; Co. KG | Puhl GmbH | RST Rangier Service &amp; Transport GmbH | Nik. Rein Spedition GmbH | SaarPort | SCN Airport Saarbr\u00fccken | Werner Sch\u00f6ndorf Speditionsges. mbH | SHS Logistics GmbH | tec4U Ingenieurgesellschaft mbH | ZWF Digitale Informations-Technologie GmbH<\/p>\n<p>&nbsp;<\/p>\n<p><strong>Impressions lors de la visite des stands du salon<br \/>\n<\/strong>Outre l\u2019\u00e9change d\u2019id\u00e9es avec les repr\u00e9sentants des domaines de l\u2019\u00e9conomie et de la politique ainsi qu\u2019avec les exposants au stand commun de la Sarre, J\u00fcrgen Barke profitera de la visite du salon pour obtenir une vue d\u2019ensemble aupr\u00e8s d\u2019autres entreprises. Par exemple l\u2019entreprise danoise DSV qui s\u2019est d\u00e9cid\u00e9e \u00e0 la mi-2016 pour la zone industrielle <em>Am Zunderbaum <\/em>de Hombourg. C\u2019est sur une surface de 65\u00a0000\u00a0m\u00b2 que ce prestataire danois de transport et de logistique a rassembl\u00e9 ses trois succursales sarroises actuelles de fa\u00e7on centralis\u00e9e et toutes divisions confondues. Ce prestataire global de transport et de logistique emploie 40\u00a0000 personnes dans plus de 80 pays. Le nouveau centre de logistique \u00ab\u00a0<em>Am Zunderbaum<\/em>\u00a0\u00bb offre de la place pour jusqu\u2019\u00e0 250 employ\u00e9s.<\/p>\n<p>Le secr\u00e9taire d\u2019\u00c9tat s\u2019arr\u00eatera aussi chez Panattoni Europe, un des plus importants d\u00e9veloppeurs de projets pour l\u2019immobilier commercial et logistique. C\u2019est cette entreprise qui, il y a quelques mois, a r\u00e9alis\u00e9 et remis le troisi\u00e8me b\u00e2timent de logistique contractuelle \u00e0 Dachser dans la commune sarroise de \u00dcberherrn o\u00f9 sont employ\u00e9s 540 collaborateurs<strong>. <\/strong>C\u2019est d\u00e9j\u00e0 le cinqui\u00e8me centre de logistique que Panattoni r\u00e9alise \u00e0 Sosnowiec, en Pologne, pour Amazon.<\/p>\n<p>On pourra \u00e9galement obtenir d\u2019autres impressions int\u00e9ressantes lors de la visite en se rendant au stand de la Ernst Frankenbach GmbH. En coop\u00e9ration avec BahnLog, cette entreprise exploite un terminal de transbordement route\/rail d\u2019o\u00f9 sont propos\u00e9s des trajets r\u00e9guliers entre Kirkel &#8211; Mayence &#8211; Rotterdam. C\u2019est depuis 1990 que l\u2019entreprise Frankenbach Automobil Logistik GmbH est au service de constructeurs automobiles de renom et de grandes soci\u00e9t\u00e9s de location de v\u00e9hicules. Elle transporte voitures particuli\u00e8res et poids-lourds avec sa flotte de plus de 140 v\u00e9hicules et son propre bateau.<\/p>\n<p>&nbsp;<\/p>\n<p><strong>Des logisticiens bien entour\u00e9s<br \/>\n<\/strong>De nombreuses entreprises de la branche travaillant sur le plan international se sont d\u00e9j\u00e0 d\u00e9cid\u00e9es pour la Sarre. De grands noms comme Dachser ou Schenker en font partie.\u00a0 Dachser, par exemple, y exploite son plus grand centre europ\u00e9en de transbordement de marchandises et elle vient r\u00e9cemment de l\u2019\u00e9largir. On y trouvera \u00e9galement Nagel-Group sp\u00e9cialis\u00e9 dans la logistique de denr\u00e9es alimentaires. Cela fait des ann\u00e9es maintenant que le chocolat Ludwig (autrefois Trumpf) est livr\u00e9 dans le monde entier depuis Sarrevailingue. D\u2019autres acteurs de la Sarre sont par exemple Lux Logistik, un logisticien en plein essor \u00e0 Bexbach, Villeroy &amp; Boch avec son d\u00e9p\u00f4t central \u00e0 Merzig d\u2019o\u00f9 ont lieu les exp\u00e9ditions dans le monde entier. De plus Kohlpharma, lui aussi localis\u00e9 \u00e0 Merzig, un des importateurs de produits pharmaceutiques les plus importants en Europe, ainsi que Movianto, cette entreprise de Neunkirchen sp\u00e9cialis\u00e9e dans l\u2019entreposage et le transport de produits pharmaceutiques, biotechnologiques et m\u00e9dicaux.<\/p>\n<p>Les partenaires des entreprises sarroises appartiennent au domaine de la recherche de pointe de renomm\u00e9e mondiale comme le Centre allemand de recherche en intelligence artificielle (DFKI) ou l\u2019\u00e9tablissement d\u2019enseignement sup\u00e9rieur htwsaar Hochschule f\u00fcr Technik und Wirtschaft. En collaboration avec d\u2019autres instituts de recherche, ils assurent la viabilit\u00e9 future du site gr\u00e2ce \u00e0 leurs comp\u00e9tences.<\/p>\n<p>&nbsp;<\/p>\n<p><strong>Le site id\u00e9al<br \/>\n<\/strong>La branche est florissante en Sarre. De nombreuses entreprises profitent de cet emplacement exceptionnel. Et c\u2019est une croissance des plus rapides que connait cette branche \u00e9conomique qui compte actuellement plus de 15\u00a0000 collaborateurs. Sans oublier qu\u2019on y est toujours \u00e0 la recherche de nouveaux collaborateurs et qu\u2019on est d\u00e9j\u00e0 en train d\u2019en former. Et pour cela, on n\u2019h\u00e9site pas \u00e0 franchir la fronti\u00e8re\u00a0: Dachser, par exemple, participe \u00e9galement au projet Eures, un projet commun des administrations du travail de la Sarre et de la r\u00e9gion fran\u00e7aise du Grand Est. Dans le cadre de ce projet, de jeunes Fran\u00e7ais sont plac\u00e9s dans entreprises allemandes pour leur formation.<br \/>\nOn trouve de la place sur les 400 surfaces avec acc\u00e8s au r\u00e9seau autoroutier allemand, fran\u00e7ais et luxembourgeois. Les personnes int\u00e9ress\u00e9es peuvent se faire une premi\u00e8re id\u00e9e des surfaces adapt\u00e9es en consultant en ligne le syst\u00e8me d&rsquo;information g\u00e9ographique GEWISS &#8211;&gt;<a href=\"http:\/\/www.gewiss-saarland.de\">gewiss-saarland.de<\/a>. Les interlocuteurs dans ce domaine se trouvent \u00e0 la gwSaar, Gesellschaft f\u00fcr Wirtschaftsf\u00f6rderung Saar. Son int\u00e9gration \u00e0 SHS Strukturholding Saar et son offre vaste, allant du d\u00e9veloppement de projets jusqu\u2019\u00e0 la mise en \u0153uvre de projets de construction, permettent de proposer des prestations allant jusqu\u2019aux biens immobiliers cl\u00e9 en main. rb<\/p>\n<p><a href=\"https:\/\/www.strukturholding.de\/veranstaltungen\/transport-logistic-2017\/\">&#8211;&gt; strukturholding.de\/veranstaltungen\/transport-logistic-2017\/<\/a><\/p>\n<p><a href=\"http:\/\/www.transportlogistic.de\">&#8211;&gt;transportlogistic.de<\/a><\/p>\n<p>&nbsp;<\/p>\n<p>&nbsp;<\/p>\n<p>&nbsp;<\/p>\n<p>&nbsp;<\/p>\n<p>&nbsp;<\/p>\n","protected":false},"excerpt":{"rendered":"<p>Un concentr\u00e9 de comp\u00e9tences en logistique provenant de la Sarre La Sarre pr\u00e9sente ses atouts<\/p>\n","protected":false},"author":7,"featured_media":0,"comment_status":"closed","ping_status":"closed","sticky":false,"template":"","format":"standard","meta":{"_acf_changed":false,"footnotes":""},"categories":[38],"tags":[],"class_list":["post-1549","post","type-post","status-publish","format-standard","hentry","category-generale"],"acf":[],"yoast_head":"<!-- This site is optimized with the Yoast SEO plugin v27.4 - https:\/\/yoast.com\/product\/yoast-seo-wordpress\/ -->\n<title>Un concentr\u00e9 de comp\u00e9tences en logistique provenant de la Sarre - Science Park Saar<\/title>\n<meta name=\"robots\" content=\"index, follow, max-snippet:-1, max-image-preview:large, max-video-preview:-1\" \/>\n<link rel=\"canonical\" href=\"https:\/\/www.science-park-saar.de\/fr\/un-concentre-de-competences-en-logistique-provenant-de-la-sarre\/\" \/>\n<meta property=\"og:locale\" content=\"fr_FR\" \/>\n<meta property=\"og:type\" content=\"article\" \/>\n<meta property=\"og:title\" content=\"Un concentr\u00e9 de comp\u00e9tences en logistique provenant de la Sarre - Science Park Saar\" \/>\n<meta property=\"og:description\" content=\"Un concentr\u00e9 de comp\u00e9tences en logistique provenant de la Sarre La Sarre pr\u00e9sente ses atouts\" \/>\n<meta property=\"og:url\" content=\"https:\/\/www.science-park-saar.de\/fr\/un-concentre-de-competences-en-logistique-provenant-de-la-sarre\/\" \/>\n<meta property=\"og:site_name\" content=\"Science Park Saar\" \/>\n<meta property=\"article:published_time\" content=\"2017-05-11T07:10:28+00:00\" \/>\n<meta property=\"article:modified_time\" content=\"2017-07-05T11:39:05+00:00\" \/>\n<meta name=\"author\" content=\"roseburgard\" \/>\n<meta name=\"twitter:card\" content=\"summary_large_image\" \/>\n<meta name=\"twitter:label1\" content=\"\u00c9crit par\" \/>\n\t<meta name=\"twitter:data1\" content=\"roseburgard\" \/>\n\t<meta name=\"twitter:label2\" content=\"Dur\u00e9e de lecture estim\u00e9e\" \/>\n\t<meta name=\"twitter:data2\" content=\"6 minutes\" \/>\n<script type=\"application\/ld+json\" class=\"yoast-schema-graph\">{\"@context\":\"https:\\\/\\\/schema.org\",\"@graph\":[{\"@type\":\"Article\",\"@id\":\"https:\\\/\\\/www.science-park-saar.de\\\/fr\\\/un-concentre-de-competences-en-logistique-provenant-de-la-sarre\\\/#article\",\"isPartOf\":{\"@id\":\"https:\\\/\\\/www.science-park-saar.de\\\/fr\\\/un-concentre-de-competences-en-logistique-provenant-de-la-sarre\\\/\"},\"author\":{\"name\":\"roseburgard\",\"@id\":\"https:\\\/\\\/www.science-park-saar.de\\\/#\\\/schema\\\/person\\\/6de28da221fc7edc231f999716e955c5\"},\"headline\":\"Un concentr\u00e9 de comp\u00e9tences en logistique provenant de la Sarre\",\"datePublished\":\"2017-05-11T07:10:28+00:00\",\"dateModified\":\"2017-07-05T11:39:05+00:00\",\"mainEntityOfPage\":{\"@id\":\"https:\\\/\\\/www.science-park-saar.de\\\/fr\\\/un-concentre-de-competences-en-logistique-provenant-de-la-sarre\\\/\"},\"wordCount\":1181,\"articleSection\":[\"G\u00e9n\u00e9ral\"],\"inLanguage\":\"fr-FR\"},{\"@type\":\"WebPage\",\"@id\":\"https:\\\/\\\/www.science-park-saar.de\\\/fr\\\/un-concentre-de-competences-en-logistique-provenant-de-la-sarre\\\/\",\"url\":\"https:\\\/\\\/www.science-park-saar.de\\\/fr\\\/un-concentre-de-competences-en-logistique-provenant-de-la-sarre\\\/\",\"name\":\"Un concentr\u00e9 de comp\u00e9tences en logistique provenant de la Sarre - Science Park Saar\",\"isPartOf\":{\"@id\":\"https:\\\/\\\/www.science-park-saar.de\\\/#website\"},\"datePublished\":\"2017-05-11T07:10:28+00:00\",\"dateModified\":\"2017-07-05T11:39:05+00:00\",\"author\":{\"@id\":\"https:\\\/\\\/www.science-park-saar.de\\\/#\\\/schema\\\/person\\\/6de28da221fc7edc231f999716e955c5\"},\"breadcrumb\":{\"@id\":\"https:\\\/\\\/www.science-park-saar.de\\\/fr\\\/un-concentre-de-competences-en-logistique-provenant-de-la-sarre\\\/#breadcrumb\"},\"inLanguage\":\"fr-FR\",\"potentialAction\":[{\"@type\":\"ReadAction\",\"target\":[\"https:\\\/\\\/www.science-park-saar.de\\\/fr\\\/un-concentre-de-competences-en-logistique-provenant-de-la-sarre\\\/\"]}]},{\"@type\":\"BreadcrumbList\",\"@id\":\"https:\\\/\\\/www.science-park-saar.de\\\/fr\\\/un-concentre-de-competences-en-logistique-provenant-de-la-sarre\\\/#breadcrumb\",\"itemListElement\":[{\"@type\":\"ListItem\",\"position\":1,\"name\":\"Startseite\",\"item\":\"https:\\\/\\\/www.science-park-saar.de\\\/fr\\\/\"},{\"@type\":\"ListItem\",\"position\":2,\"name\":\"Un concentr\u00e9 de comp\u00e9tences en logistique provenant de la Sarre\"}]},{\"@type\":\"WebSite\",\"@id\":\"https:\\\/\\\/www.science-park-saar.de\\\/#website\",\"url\":\"https:\\\/\\\/www.science-park-saar.de\\\/\",\"name\":\"Science Park Saar\",\"description\":\"\",\"potentialAction\":[{\"@type\":\"SearchAction\",\"target\":{\"@type\":\"EntryPoint\",\"urlTemplate\":\"https:\\\/\\\/www.science-park-saar.de\\\/?s={search_term_string}\"},\"query-input\":{\"@type\":\"PropertyValueSpecification\",\"valueRequired\":true,\"valueName\":\"search_term_string\"}}],\"inLanguage\":\"fr-FR\"},{\"@type\":\"Person\",\"@id\":\"https:\\\/\\\/www.science-park-saar.de\\\/#\\\/schema\\\/person\\\/6de28da221fc7edc231f999716e955c5\",\"name\":\"roseburgard\",\"url\":\"https:\\\/\\\/www.science-park-saar.de\\\/fr\\\/author\\\/rose\\\/\"}]}<\/script>\n<!-- \/ Yoast SEO plugin. -->","yoast_head_json":{"title":"Un concentr\u00e9 de comp\u00e9tences en logistique provenant de la Sarre - Science Park Saar","robots":{"index":"index","follow":"follow","max-snippet":"max-snippet:-1","max-image-preview":"max-image-preview:large","max-video-preview":"max-video-preview:-1"},"canonical":"https:\/\/www.science-park-saar.de\/fr\/un-concentre-de-competences-en-logistique-provenant-de-la-sarre\/","og_locale":"fr_FR","og_type":"article","og_title":"Un concentr\u00e9 de comp\u00e9tences en logistique provenant de la Sarre - Science Park Saar","og_description":"Un concentr\u00e9 de comp\u00e9tences en logistique provenant de la Sarre La Sarre pr\u00e9sente ses atouts","og_url":"https:\/\/www.science-park-saar.de\/fr\/un-concentre-de-competences-en-logistique-provenant-de-la-sarre\/","og_site_name":"Science Park Saar","article_published_time":"2017-05-11T07:10:28+00:00","article_modified_time":"2017-07-05T11:39:05+00:00","author":"roseburgard","twitter_card":"summary_large_image","twitter_misc":{"\u00c9crit par":"roseburgard","Dur\u00e9e de lecture estim\u00e9e":"6 minutes"},"schema":{"@context":"https:\/\/schema.org","@graph":[{"@type":"Article","@id":"https:\/\/www.science-park-saar.de\/fr\/un-concentre-de-competences-en-logistique-provenant-de-la-sarre\/#article","isPartOf":{"@id":"https:\/\/www.science-park-saar.de\/fr\/un-concentre-de-competences-en-logistique-provenant-de-la-sarre\/"},"author":{"name":"roseburgard","@id":"https:\/\/www.science-park-saar.de\/#\/schema\/person\/6de28da221fc7edc231f999716e955c5"},"headline":"Un concentr\u00e9 de comp\u00e9tences en logistique provenant de la Sarre","datePublished":"2017-05-11T07:10:28+00:00","dateModified":"2017-07-05T11:39:05+00:00","mainEntityOfPage":{"@id":"https:\/\/www.science-park-saar.de\/fr\/un-concentre-de-competences-en-logistique-provenant-de-la-sarre\/"},"wordCount":1181,"articleSection":["G\u00e9n\u00e9ral"],"inLanguage":"fr-FR"},{"@type":"WebPage","@id":"https:\/\/www.science-park-saar.de\/fr\/un-concentre-de-competences-en-logistique-provenant-de-la-sarre\/","url":"https:\/\/www.science-park-saar.de\/fr\/un-concentre-de-competences-en-logistique-provenant-de-la-sarre\/","name":"Un concentr\u00e9 de comp\u00e9tences en logistique provenant de la Sarre - Science Park Saar","isPartOf":{"@id":"https:\/\/www.science-park-saar.de\/#website"},"datePublished":"2017-05-11T07:10:28+00:00","dateModified":"2017-07-05T11:39:05+00:00","author":{"@id":"https:\/\/www.science-park-saar.de\/#\/schema\/person\/6de28da221fc7edc231f999716e955c5"},"breadcrumb":{"@id":"https:\/\/www.science-park-saar.de\/fr\/un-concentre-de-competences-en-logistique-provenant-de-la-sarre\/#breadcrumb"},"inLanguage":"fr-FR","potentialAction":[{"@type":"ReadAction","target":["https:\/\/www.science-park-saar.de\/fr\/un-concentre-de-competences-en-logistique-provenant-de-la-sarre\/"]}]},{"@type":"BreadcrumbList","@id":"https:\/\/www.science-park-saar.de\/fr\/un-concentre-de-competences-en-logistique-provenant-de-la-sarre\/#breadcrumb","itemListElement":[{"@type":"ListItem","position":1,"name":"Startseite","item":"https:\/\/www.science-park-saar.de\/fr\/"},{"@type":"ListItem","position":2,"name":"Un concentr\u00e9 de comp\u00e9tences en logistique provenant de la Sarre"}]},{"@type":"WebSite","@id":"https:\/\/www.science-park-saar.de\/#website","url":"https:\/\/www.science-park-saar.de\/","name":"Science Park Saar","description":"","potentialAction":[{"@type":"SearchAction","target":{"@type":"EntryPoint","urlTemplate":"https:\/\/www.science-park-saar.de\/?s={search_term_string}"},"query-input":{"@type":"PropertyValueSpecification","valueRequired":true,"valueName":"search_term_string"}}],"inLanguage":"fr-FR"},{"@type":"Person","@id":"https:\/\/www.science-park-saar.de\/#\/schema\/person\/6de28da221fc7edc231f999716e955c5","name":"roseburgard","url":"https:\/\/www.science-park-saar.de\/fr\/author\/rose\/"}]}},"_links":{"self":[{"href":"https:\/\/www.science-park-saar.de\/fr\/wp-json\/wp\/v2\/posts\/1549","targetHints":{"allow":["GET"]}}],"collection":[{"href":"https:\/\/www.science-park-saar.de\/fr\/wp-json\/wp\/v2\/posts"}],"about":[{"href":"https:\/\/www.science-park-saar.de\/fr\/wp-json\/wp\/v2\/types\/post"}],"author":[{"embeddable":true,"href":"https:\/\/www.science-park-saar.de\/fr\/wp-json\/wp\/v2\/users\/7"}],"replies":[{"embeddable":true,"href":"https:\/\/www.science-park-saar.de\/fr\/wp-json\/wp\/v2\/comments?post=1549"}],"version-history":[{"count":1,"href":"https:\/\/www.science-park-saar.de\/fr\/wp-json\/wp\/v2\/posts\/1549\/revisions"}],"predecessor-version":[{"id":1642,"href":"https:\/\/www.science-park-saar.de\/fr\/wp-json\/wp\/v2\/posts\/1549\/revisions\/1642"}],"wp:attachment":[{"href":"https:\/\/www.science-park-saar.de\/fr\/wp-json\/wp\/v2\/media?parent=1549"}],"wp:term":[{"taxonomy":"category","embeddable":true,"href":"https:\/\/www.science-park-saar.de\/fr\/wp-json\/wp\/v2\/categories?post=1549"},{"taxonomy":"post_tag","embeddable":true,"href":"https:\/\/www.science-park-saar.de\/fr\/wp-json\/wp\/v2\/tags?post=1549"}],"curies":[{"name":"wp","href":"https:\/\/api.w.org\/{rel}","templated":true}]}}